{"id":1126,"date":"2025-12-16T12:13:49","date_gmt":"2025-12-16T11:13:49","guid":{"rendered":"https:\/\/www.pppaterna.com\/web\/?p=1126"},"modified":"2025-12-16T12:13:49","modified_gmt":"2025-12-16T11:13:49","slug":"el-pp-de-paterna-critica-el-cambio-unilateral-del-horario-del-pleno","status":"publish","type":"post","link":"https:\/\/www.pppaterna.com\/web\/index.php\/2025\/12\/16\/el-pp-de-paterna-critica-el-cambio-unilateral-del-horario-del-pleno\/","title":{"rendered":"El PP DE PATERNA CRITICA EL CAMBIO UNILATERAL DEL HORARIO DEL PLENO."},"content":{"rendered":"\n<figure class=\"wp-block-gallery has-nested-images columns-default is-cropped wp-block-gallery-1 is-layout-flex wp-block-gallery-is-layout-flex\">\n<figure class=\"wp-block-image size-large\"><img loading=\"lazy\" decoding=\"async\" width=\"990\" height=\"660\" data-id=\"1129\" src=\"https:\/\/www.pppaterna.com\/web\/wp-content\/uploads\/2025\/12\/Sagredo-senador-1.jpeg\" alt=\"\" class=\"wp-image-1129\" srcset=\"https:\/\/www.pppaterna.com\/web\/wp-content\/uploads\/2025\/12\/Sagredo-senador-1.jpeg 990w, https:\/\/www.pppaterna.com\/web\/wp-content\/uploads\/2025\/12\/Sagredo-senador-1-300x200.jpeg 300w, https:\/\/www.pppaterna.com\/web\/wp-content\/uploads\/2025\/12\/Sagredo-senador-1-768x512.jpeg 768w\" sizes=\"auto, (max-width: 990px) 100vw, 990px\" \/><\/figure>\n<\/figure>\n\n\n\n<p>El Grupo Municipal del Partido Popular de Paterna ha denunciado la prolongada ausencia del alcalde socialista Juan Antonio Sagredo durante el mes de no-viembre, en el que solo estuvo presente en el municipio durante 7 d\u00edas para ejercer sus funciones como alcalde.<\/p>\n\n\n\n<p>Seg\u00fan los datos registrados, Sagredo pas\u00f3 tres semanas en Madrid asistiendo a sesiones plenarias del Senado, instituci\u00f3n en la que ocupa el cargo de Senador, y deleg\u00f3 la Alcald\u00eda durante 11 d\u00edas, \u00fanica semana del mes de noviembre que no ten\u00eda sesiones plenarias en el Senado, dejando en manos de la teniente alcalde Campos las responsabilidades de gesti\u00f3n municipal.<\/p>\n\n\n\n<p>Ante esta situaci\u00f3n, el Partido Popular present\u00f3 en el Pleno municipal de noviem-bre una moci\u00f3n para que se publique la agenda oficial del alcalde, tal y como establece la normativa de transparencia vigente y como ya hacen numerosos Ayun-tamientos y Administraciones P\u00fablicas.<\/p>\n\n\n\n<p>La moci\u00f3n, sin embargo, fue rechazada por el Partido Socialista, que vot\u00f3 en con-tra. La propuesta solo cont\u00f3 con el apoyo de los grupos de la oposici\u00f3n.<\/p>\n\n\n\n<p>La portavoz del Grupo Popular, Sara Palma, ha vuelto a exigir claridad y compromi-so al primer edil: \u201cSagredo debe elegir entre ser senador en la C\u00e1mara Alta o ser alcalde de Paterna. Nuestro municipio es lo suficientemente grande, complejo y exi-gente como para que su m\u00e1ximo responsable est\u00e9 plenamente dedicado a \u00e9l. Pa-terna necesita un alcalde a tiempo completo\u201d.<\/p>\n\n\n\n<p>Palma recuerda que las reiteradas ausencias del alcalde perjudican la gesti\u00f3n municipal y considera \u201cinaceptable\u201d que Sagredo \u201cpretenda acumular cargos a cos-ta del tiempo y la atenci\u00f3n que Paterna necesita\u201d.<\/p>\n","protected":false},"excerpt":{"rendered":"<p>El Grupo Municipal del Partido Popular de Paterna ha denunciado la prolongada ausencia del alcalde socialista Juan Antonio Sagredo durante el mes de no-viembre, en el que solo estuvo presente en el municipio durante 7 d\u00edas para ejercer sus funciones como alcalde. Seg\u00fan los datos registrados, Sagredo pas\u00f3 tres semanas en Madrid asistiendo a sesiones [&hellip;]<\/p>\n","protected":false},"author":1,"featured_media":0,"comment_status":"open","ping_status":"open","sticky":false,"template":"","format":"standard","meta":{"footnotes":""},"categories":[3],"tags":[],"class_list":["post-1126","post","type-post","status-publish","format-standard","hentry","category-noticias"],"_links":{"self":[{"href":"https:\/\/www.pppaterna.com\/web\/index.php\/wp-json\/wp\/v2\/posts\/1126","targetHints":{"allow":["GET"]}}],"collection":[{"href":"https:\/\/www.pppaterna.com\/web\/index.php\/wp-json\/wp\/v2\/posts"}],"about":[{"href":"https:\/\/www.pppaterna.com\/web\/index.php\/wp-json\/wp\/v2\/types\/post"}],"author":[{"embeddable":true,"href":"https:\/\/www.pppaterna.com\/web\/index.php\/wp-json\/wp\/v2\/users\/1"}],"replies":[{"embeddable":true,"href":"https:\/\/www.pppaterna.com\/web\/index.php\/wp-json\/wp\/v2\/comments?post=1126"}],"version-history":[{"count":1,"href":"https:\/\/www.pppaterna.com\/web\/index.php\/wp-json\/wp\/v2\/posts\/1126\/revisions"}],"predecessor-version":[{"id":1130,"href":"https:\/\/www.pppaterna.com\/web\/index.php\/wp-json\/wp\/v2\/posts\/1126\/revisions\/1130"}],"wp:attachment":[{"href":"https:\/\/www.pppaterna.com\/web\/index.php\/wp-json\/wp\/v2\/media?parent=1126"}],"wp:term":[{"taxonomy":"category","embeddable":true,"href":"https:\/\/www.pppaterna.com\/web\/index.php\/wp-json\/wp\/v2\/categories?post=1126"},{"taxonomy":"post_tag","embeddable":true,"href":"https:\/\/www.pppaterna.com\/web\/index.php\/wp-json\/wp\/v2\/tags?post=1126"}],"curies":[{"name":"wp","href":"https:\/\/api.w.org\/{rel}","templated":true}]}}