{"id":1158,"date":"2026-01-30T09:26:08","date_gmt":"2026-01-30T08:26:08","guid":{"rendered":"https:\/\/www.pppaterna.com\/web\/?p=1158"},"modified":"2026-01-30T09:26:08","modified_gmt":"2026-01-30T08:26:08","slug":"el-partido-popular-de-paterna-propone-la-creacion-de-un-mapa-de-inversiones-por-barrios-para-reforzar-la-transparencia","status":"publish","type":"post","link":"https:\/\/www.pppaterna.com\/web\/index.php\/2026\/01\/30\/el-partido-popular-de-paterna-propone-la-creacion-de-un-mapa-de-inversiones-por-barrios-para-reforzar-la-transparencia\/","title":{"rendered":"EL PARTIDO POPULAR DE PATERNA PROPONE LA CREACI\u00d3N DE UN MAPA DE INVERSIONES POR BARRIOS PARA REFORZAR LA TRANSPARENCIA."},"content":{"rendered":"\n<figure class=\"wp-block-image size-large\"><img loading=\"lazy\" decoding=\"async\" width=\"1024\" height=\"768\" src=\"https:\/\/www.pppaterna.com\/web\/wp-content\/uploads\/2026\/01\/Red-and-White-Modern-Bold-No-Parking-Area-Directional-Yard-Sign-1-1024x768.jpg\" alt=\"\" class=\"wp-image-1159\" srcset=\"https:\/\/www.pppaterna.com\/web\/wp-content\/uploads\/2026\/01\/Red-and-White-Modern-Bold-No-Parking-Area-Directional-Yard-Sign-1-1024x768.jpg 1024w, https:\/\/www.pppaterna.com\/web\/wp-content\/uploads\/2026\/01\/Red-and-White-Modern-Bold-No-Parking-Area-Directional-Yard-Sign-1-300x225.jpg 300w, https:\/\/www.pppaterna.com\/web\/wp-content\/uploads\/2026\/01\/Red-and-White-Modern-Bold-No-Parking-Area-Directional-Yard-Sign-1-768x576.jpg 768w, https:\/\/www.pppaterna.com\/web\/wp-content\/uploads\/2026\/01\/Red-and-White-Modern-Bold-No-Parking-Area-Directional-Yard-Sign-1-1536x1152.jpg 1536w, https:\/\/www.pppaterna.com\/web\/wp-content\/uploads\/2026\/01\/Red-and-White-Modern-Bold-No-Parking-Area-Directional-Yard-Sign-1-2048x1536.jpg 2048w\" sizes=\"auto, (max-width: 1024px) 100vw, 1024px\" \/><\/figure>\n\n\n\n<p><br>El Partido Popular de Paterna defender\u00e1 en el pleno una moci\u00f3n para que los vecinos conozcan de forma clara y accesible d\u00f3nde y c\u00f3mo se invierte el dinero p\u00fablico.<\/p>\n\n\n\n<p>El Grupo Municipal del Partido Popular en el Ayuntamiento de Paterna llevar\u00e1 al pr\u00f3ximo pleno una moci\u00f3n para la creaci\u00f3n y publicaci\u00f3n de un Mapa Municipal de Inversiones por Barrios, una herramienta destinada a mejorar la transparencia, el control ciudadano y la equidad en la distribuci\u00f3n de los recursos municipales.<\/p>\n\n\n\n<p>La iniciativa, presentada por el Grupo Popular, tiene como objetivo que los vecinos puedan conocer de manera clara y visual qu\u00e9 inversiones se realizan en cada barrio, qu\u00e9 importe se destina, en qu\u00e9 estado se encuentran las actuaciones y cu\u00e1les est\u00e1n previstas a corto y medio plazo.<\/p>\n\n\n\n<p>\u201cLa transparencia no puede ser solo un eslogan. Los vecinos tienen derecho a saber en qu\u00e9 se invierte su dinero, barrio a barrio, proyecto a proyecto\u201d, ha se\u00f1alado la portavoz, Sara Palma . \u201cEste mapa permitir\u00eda detectar desequilibrios, mejorar la planificaci\u00f3n municipal y fomentar una mayor participaci\u00f3n vecinal\u201d.<\/p>\n\n\n\n<p>La moci\u00f3n propone que el Ayuntamiento elabore y publique en su p\u00e1gina web un mapa estructurado por zonas que incluya todas las actuaciones financiadas con recursos municipales, auton\u00f3micos, estatales o europeos. Entre la informaci\u00f3n m\u00ednima que deber\u00e1 recoger figuran la denominaci\u00f3n del proyecto, el barrio afectado, el importe presupuestado y ejecutado, el estado de la actuaci\u00f3n, las fechas estimadas y una breve descripci\u00f3n.<\/p>\n\n\n\n<p>Adem\u00e1s, el Partido Popular plantea que el mapa tenga un formato accesible, visual e interactivo, y que se actualice trimestralmente.<\/p>\n\n\n\n<p>\u201cMuchos ayuntamientos ya cuentan con herramientas similares. Paterna no puede quedarse atr\u00e1s en transparencia y rendici\u00f3n de cuentas\u201d, ha a\u00f1adido la portavoz popular.<\/p>\n\n\n\n<p>Con esta propuesta, el Partido Popular reafirma su compromiso con una gesti\u00f3n municipal m\u00e1s abierta, clara y cercana a los vecinos, poniendo la informaci\u00f3n al servicio de la ciudadan\u00eda.<br><br><br><br><\/p>\n","protected":false},"excerpt":{"rendered":"<p>El Partido Popular de Paterna defender\u00e1 en el pleno una moci\u00f3n para que los vecinos conozcan de forma clara y accesible d\u00f3nde y c\u00f3mo se invierte el dinero p\u00fablico. El Grupo Municipal del Partido Popular en el Ayuntamiento de Paterna llevar\u00e1 al pr\u00f3ximo pleno una moci\u00f3n para la creaci\u00f3n y publicaci\u00f3n de un Mapa Municipal [&hellip;]<\/p>\n","protected":false},"author":1,"featured_media":0,"comment_status":"open","ping_status":"open","sticky":false,"template":"","format":"standard","meta":{"footnotes":""},"categories":[3],"tags":[],"class_list":["post-1158","post","type-post","status-publish","format-standard","hentry","category-noticias"],"_links":{"self":[{"href":"https:\/\/www.pppaterna.com\/web\/index.php\/wp-json\/wp\/v2\/posts\/1158","targetHints":{"allow":["GET"]}}],"collection":[{"href":"https:\/\/www.pppaterna.com\/web\/index.php\/wp-json\/wp\/v2\/posts"}],"about":[{"href":"https:\/\/www.pppaterna.com\/web\/index.php\/wp-json\/wp\/v2\/types\/post"}],"author":[{"embeddable":true,"href":"https:\/\/www.pppaterna.com\/web\/index.php\/wp-json\/wp\/v2\/users\/1"}],"replies":[{"embeddable":true,"href":"https:\/\/www.pppaterna.com\/web\/index.php\/wp-json\/wp\/v2\/comments?post=1158"}],"version-history":[{"count":1,"href":"https:\/\/www.pppaterna.com\/web\/index.php\/wp-json\/wp\/v2\/posts\/1158\/revisions"}],"predecessor-version":[{"id":1160,"href":"https:\/\/www.pppaterna.com\/web\/index.php\/wp-json\/wp\/v2\/posts\/1158\/revisions\/1160"}],"wp:attachment":[{"href":"https:\/\/www.pppaterna.com\/web\/index.php\/wp-json\/wp\/v2\/media?parent=1158"}],"wp:term":[{"taxonomy":"category","embeddable":true,"href":"https:\/\/www.pppaterna.com\/web\/index.php\/wp-json\/wp\/v2\/categories?post=1158"},{"taxonomy":"post_tag","embeddable":true,"href":"https:\/\/www.pppaterna.com\/web\/index.php\/wp-json\/wp\/v2\/tags?post=1158"}],"curies":[{"name":"wp","href":"https:\/\/api.w.org\/{rel}","templated":true}]}}