{"id":808,"date":"2024-04-12T09:34:15","date_gmt":"2024-04-12T07:34:15","guid":{"rendered":"https:\/\/www.pppaterna.com\/web\/?p=808"},"modified":"2024-04-12T09:34:15","modified_gmt":"2024-04-12T07:34:15","slug":"el-pp-de-paterna-insta-al-alcalde-a-dejar-de-utilizar-fondos-publicos-para-su-imagen-y-autobombo","status":"publish","type":"post","link":"https:\/\/www.pppaterna.com\/web\/index.php\/2024\/04\/12\/el-pp-de-paterna-insta-al-alcalde-a-dejar-de-utilizar-fondos-publicos-para-su-imagen-y-autobombo\/","title":{"rendered":"El PP de Paterna insta al alcalde a dejar de utilizar fondos p\u00fablicos \u201cpara su imagen y autobombo\u201d."},"content":{"rendered":"\n<p><em>La portavoz del Partido Popular, Sara Palma, denuncia que Juan Antonio Sagredo utiliza la revista \u201cTot a Paterna\u201d como \u201cun \u00e1lbum de fotos personal que no responde al supuesto objetivo de informar a los vecinos de manera plural\u201d.<\/em><\/p>\n\n\n\n<p>La revista \u201cTot a Paterna\u201d es una publicaci\u00f3n municipal editada por el Ayuntamiento de Paterna que se reparte en la localidad de manera trimestral.<\/p>\n\n\n\n<p>La portavoz del Partido Popular, <strong>Sara Palma<\/strong>, ha denunciado que \u201clejos de ser una publicaci\u00f3n informativa y plural, es un panfleto de promoci\u00f3n personal del alcalde pagado con los impuestos de todos los vecinos\u201d.<\/p>\n\n\n\n<p><strong>Palma <\/strong>ha querido destacar el coste de la publicaci\u00f3n. As\u00ed, ha comunicado que se editan \u201c140.000 ejemplares al a\u00f1o, con unos gastos de 5.800 euros trimestrales en impresi\u00f3n y reparto; lo que sumar\u00eda 23.200 euros anuales, sin contar los gastos del personal que elabora la publicaci\u00f3n\u201d.<\/p>\n\n\n\n<p>Un coste que, seg\u00fan <strong>Palma<\/strong>, \u201cest\u00e1 injustificado desde el momento en que no sirve para informar sobre Paterna, sino como altavoz de propaganda socialista\u201d.<\/p>\n\n\n\n<p>En abril de 2023, un mes antes de las elecciones, los populares ya denunciaron que el n\u00famero correspondiente al mes de junio se adelant\u00f3 dos meses para hacerlo coincidir con la campa\u00f1a electoral. <strong>Palma <\/strong>asegura que el alcalde \u201cutiliza medios p\u00fablicos a su antojo para vender una gesti\u00f3n que, si fuese decente, no necesitar\u00eda de tanto blanqueamiento con propaganda\u201d.<\/p>\n\n\n\n<p class=\"has-text-color has-very-light-gray-color\"><strong>Palma <\/strong>ha anunciado que su grupo seguir\u00e1 \u201cfiscalizando los desmanes de Sagredo y record\u00e1ndole que Paterna es la ciudad de todos los paterneros y no el cortijo que lleva construy\u00e9ndose casi nueve a\u00f1os\u201d.<\/p>\n","protected":false},"excerpt":{"rendered":"<p>La portavoz del Partido Popular, Sara Palma, denuncia que Juan Antonio Sagredo utiliza la revista \u201cTot a Paterna\u201d como \u201cun \u00e1lbum de fotos personal que no responde al supuesto objetivo de informar a los vecinos de manera plural\u201d. La revista \u201cTot a Paterna\u201d es una publicaci\u00f3n municipal editada por el Ayuntamiento de Paterna que se [&hellip;]<\/p>\n","protected":false},"author":1,"featured_media":810,"comment_status":"open","ping_status":"open","sticky":false,"template":"","format":"standard","meta":{"footnotes":""},"categories":[3],"tags":[],"class_list":["post-808","post","type-post","status-publish","format-standard","has-post-thumbnail","hentry","category-noticias"],"_links":{"self":[{"href":"https:\/\/www.pppaterna.com\/web\/index.php\/wp-json\/wp\/v2\/posts\/808","targetHints":{"allow":["GET"]}}],"collection":[{"href":"https:\/\/www.pppaterna.com\/web\/index.php\/wp-json\/wp\/v2\/posts"}],"about":[{"href":"https:\/\/www.pppaterna.com\/web\/index.php\/wp-json\/wp\/v2\/types\/post"}],"author":[{"embeddable":true,"href":"https:\/\/www.pppaterna.com\/web\/index.php\/wp-json\/wp\/v2\/users\/1"}],"replies":[{"embeddable":true,"href":"https:\/\/www.pppaterna.com\/web\/index.php\/wp-json\/wp\/v2\/comments?post=808"}],"version-history":[{"count":1,"href":"https:\/\/www.pppaterna.com\/web\/index.php\/wp-json\/wp\/v2\/posts\/808\/revisions"}],"predecessor-version":[{"id":811,"href":"https:\/\/www.pppaterna.com\/web\/index.php\/wp-json\/wp\/v2\/posts\/808\/revisions\/811"}],"wp:featuredmedia":[{"embeddable":true,"href":"https:\/\/www.pppaterna.com\/web\/index.php\/wp-json\/wp\/v2\/media\/810"}],"wp:attachment":[{"href":"https:\/\/www.pppaterna.com\/web\/index.php\/wp-json\/wp\/v2\/media?parent=808"}],"wp:term":[{"taxonomy":"category","embeddable":true,"href":"https:\/\/www.pppaterna.com\/web\/index.php\/wp-json\/wp\/v2\/categories?post=808"},{"taxonomy":"post_tag","embeddable":true,"href":"https:\/\/www.pppaterna.com\/web\/index.php\/wp-json\/wp\/v2\/tags?post=808"}],"curies":[{"name":"wp","href":"https:\/\/api.w.org\/{rel}","templated":true}]}}