{"id":858,"date":"2024-04-15T12:40:12","date_gmt":"2024-04-15T10:40:12","guid":{"rendered":"https:\/\/www.pppaterna.com\/web\/?p=858"},"modified":"2024-04-15T12:42:20","modified_gmt":"2024-04-15T10:42:20","slug":"el-partido-popular-de-paterna-alerta-del-aumento-de-la-criminalidad-y-acusa-a-sagredo-de-cuestionar-los-datos-de-un-ministerio-gestionado-por-su-propio-partido","status":"publish","type":"post","link":"https:\/\/www.pppaterna.com\/web\/index.php\/2024\/04\/15\/el-partido-popular-de-paterna-alerta-del-aumento-de-la-criminalidad-y-acusa-a-sagredo-de-cuestionar-los-datos-de-un-ministerio-gestionado-por-su-propio-partido\/","title":{"rendered":"El Partido Popular de Paterna alerta del aumento de la criminalidad y acusa a Sagredo de \u201ccuestionar los datos de un ministerio gestionado por su propio partido\u201d."},"content":{"rendered":"\n<p><em>La portavoz popular, <\/em><strong><em>Sara Palma<\/em><\/strong><em>, declara que el aumento de la criminalidad \u201ces constante en Paterna\u201d y acusa al alcalde de \u201ccuestionar los datos de un ministerio gestionado por el PSOE y ningunear los testimonios de vecinos atemorizados por la inseguridad en sus barrios\u201d.<\/em><\/p>\n\n\n\n<p>El grupo municipal del Partido Popular en Paterna se ha hecho eco de los datos sobre criminalidad publicados por el Ministerio del Interior en el primer trimestre de 2024. Unos datos que arrojan un aumento superior al 16 % en el conjunto de tipos penales y ciberdelincuencia.<\/p>\n\n\n\n<p>La portavoz <strong>Sara Palma<\/strong> considera \u201cmuy preocupante\u201d un aumento de las tasas de criminalidad \u201cque se repite, cada trimestre, sin que el Ayuntamiento de Paterna tome medidas efectivas para combatirlo\u201d. En esta l\u00ednea, ha recordado que el equipo de gobierno \u201ctumb\u00f3 una propuesta del Partido Popular para dotar de patrullas fijas a todos los barrios de Paterna\u201d.<\/p>\n\n\n\n<p><strong>Palma <\/strong>ha remarcado que \u201clos robos con violencia han aumentado m\u00e1s de un 50 %, los delitos contra la libertad sexual m\u00e1s de un 8 % y el tr\u00e1fico de de drogas m\u00e1s de un 23 %\u201d. Unos datos que, indica, precisan del \u201ccompromiso del alcalde para revertirlos\u201d. Una actitud que \u201cno parece que vaya a llegar, pues el alcalde se limita a cuestionar los datos del ministerio y a desestimar las propuestas de la oposici\u00f3n en materia de seguridad\u201d.<\/p>\n\n\n\n<p>Los populares han recordado que este debate se abord\u00f3 hace unos meses en el pleno municipal y el alcalde \u201cse limit\u00f3 a caricaturizar la situaci\u00f3n, mientras una de sus tenientes de alcalde cuestionaba los testimonios de algunos vecinos\u201d. <strong>Palma <\/strong>ha recordado que, semanas despu\u00e9s, los propios vecinos realizaron una concentraci\u00f3n en la puerta del Ayuntamiento de Paterna, accedieron al pleno con pancartas y leyeron un comunicado apelando a que \u201cel equipo de gobierno se tome en serio su seguridad\u201d.<\/p>\n","protected":false},"excerpt":{"rendered":"<p>La portavoz popular, Sara Palma, declara que el aumento de la criminalidad \u201ces constante en Paterna\u201d y acusa al alcalde de \u201ccuestionar los datos de un ministerio gestionado por el PSOE y ningunear los testimonios de vecinos atemorizados por la inseguridad en sus barrios\u201d. El grupo municipal del Partido Popular en Paterna se ha hecho [&hellip;]<\/p>\n","protected":false},"author":1,"featured_media":860,"comment_status":"open","ping_status":"open","sticky":false,"template":"","format":"standard","meta":{"footnotes":""},"categories":[3],"tags":[],"class_list":["post-858","post","type-post","status-publish","format-standard","has-post-thumbnail","hentry","category-noticias"],"_links":{"self":[{"href":"https:\/\/www.pppaterna.com\/web\/index.php\/wp-json\/wp\/v2\/posts\/858","targetHints":{"allow":["GET"]}}],"collection":[{"href":"https:\/\/www.pppaterna.com\/web\/index.php\/wp-json\/wp\/v2\/posts"}],"about":[{"href":"https:\/\/www.pppaterna.com\/web\/index.php\/wp-json\/wp\/v2\/types\/post"}],"author":[{"embeddable":true,"href":"https:\/\/www.pppaterna.com\/web\/index.php\/wp-json\/wp\/v2\/users\/1"}],"replies":[{"embeddable":true,"href":"https:\/\/www.pppaterna.com\/web\/index.php\/wp-json\/wp\/v2\/comments?post=858"}],"version-history":[{"count":1,"href":"https:\/\/www.pppaterna.com\/web\/index.php\/wp-json\/wp\/v2\/posts\/858\/revisions"}],"predecessor-version":[{"id":859,"href":"https:\/\/www.pppaterna.com\/web\/index.php\/wp-json\/wp\/v2\/posts\/858\/revisions\/859"}],"wp:featuredmedia":[{"embeddable":true,"href":"https:\/\/www.pppaterna.com\/web\/index.php\/wp-json\/wp\/v2\/media\/860"}],"wp:attachment":[{"href":"https:\/\/www.pppaterna.com\/web\/index.php\/wp-json\/wp\/v2\/media?parent=858"}],"wp:term":[{"taxonomy":"category","embeddable":true,"href":"https:\/\/www.pppaterna.com\/web\/index.php\/wp-json\/wp\/v2\/categories?post=858"},{"taxonomy":"post_tag","embeddable":true,"href":"https:\/\/www.pppaterna.com\/web\/index.php\/wp-json\/wp\/v2\/tags?post=858"}],"curies":[{"name":"wp","href":"https:\/\/api.w.org\/{rel}","templated":true}]}}