{"id":923,"date":"2024-04-22T10:44:45","date_gmt":"2024-04-22T08:44:45","guid":{"rendered":"https:\/\/www.pppaterna.com\/web\/?p=923"},"modified":"2024-04-22T11:01:22","modified_gmt":"2024-04-22T09:01:22","slug":"el-partido-popular-de-paterna-organiza-una-ruta-por-el-parque-natural-del-turia","status":"publish","type":"post","link":"https:\/\/www.pppaterna.com\/web\/index.php\/2024\/04\/22\/el-partido-popular-de-paterna-organiza-una-ruta-por-el-parque-natural-del-turia\/","title":{"rendered":"El Partido Popular de Paterna organiza una ruta por el Parque Natural del T\u00faria."},"content":{"rendered":"\n<p><em><strong>El pasado domingo, el Partido Popular de Paterna llev\u00f3 a cabo una emocionante jornada de exploraci\u00f3n en el Parque Natural del Turia. Esta iniciativa, dise\u00f1ada para promover el conocimiento y la apreciaci\u00f3n de nuestro entorno natural, atrajo a una multitud de vecinos y miembros de asociaciones locales.<\/strong><\/em><\/p>\n\n\n\n<figure class=\"wp-block-gallery columns-3 is-cropped wp-block-gallery-1 is-layout-flex wp-block-gallery-is-layout-flex\"><ul class=\"blocks-gallery-grid\"><li class=\"blocks-gallery-item\"><figure><img loading=\"lazy\" decoding=\"async\" width=\"595\" height=\"1024\" src=\"https:\/\/www.pppaterna.com\/web\/wp-content\/uploads\/2024\/04\/r-595x1024.jpg\" alt=\"\" data-id=\"932\" data-full-url=\"https:\/\/www.pppaterna.com\/web\/wp-content\/uploads\/2024\/04\/r.jpg\" data-link=\"https:\/\/www.pppaterna.com\/web\/index.php\/2024\/04\/22\/el-partido-popular-de-paterna-organiza-una-ruta-por-el-parque-natural-del-turia\/r\/\" class=\"wp-image-932\" srcset=\"https:\/\/www.pppaterna.com\/web\/wp-content\/uploads\/2024\/04\/r-595x1024.jpg 595w, https:\/\/www.pppaterna.com\/web\/wp-content\/uploads\/2024\/04\/r-174x300.jpg 174w, https:\/\/www.pppaterna.com\/web\/wp-content\/uploads\/2024\/04\/r-768x1323.jpg 768w, https:\/\/www.pppaterna.com\/web\/wp-content\/uploads\/2024\/04\/r-892x1536.jpg 892w, https:\/\/www.pppaterna.com\/web\/wp-content\/uploads\/2024\/04\/r.jpg 1189w\" sizes=\"auto, (max-width: 595px) 100vw, 595px\" \/><\/figure><\/li><li class=\"blocks-gallery-item\"><figure><img loading=\"lazy\" decoding=\"async\" width=\"664\" height=\"1024\" src=\"https:\/\/www.pppaterna.com\/web\/wp-content\/uploads\/2024\/04\/e-664x1024.jpg\" alt=\"\" data-id=\"931\" data-full-url=\"https:\/\/www.pppaterna.com\/web\/wp-content\/uploads\/2024\/04\/e.jpg\" data-link=\"https:\/\/www.pppaterna.com\/web\/index.php\/2024\/04\/22\/el-partido-popular-de-paterna-organiza-una-ruta-por-el-parque-natural-del-turia\/e\/\" class=\"wp-image-931\" srcset=\"https:\/\/www.pppaterna.com\/web\/wp-content\/uploads\/2024\/04\/e-664x1024.jpg 664w, https:\/\/www.pppaterna.com\/web\/wp-content\/uploads\/2024\/04\/e-194x300.jpg 194w, https:\/\/www.pppaterna.com\/web\/wp-content\/uploads\/2024\/04\/e-768x1185.jpg 768w, https:\/\/www.pppaterna.com\/web\/wp-content\/uploads\/2024\/04\/e-996x1536.jpg 996w, https:\/\/www.pppaterna.com\/web\/wp-content\/uploads\/2024\/04\/e.jpg 1290w\" sizes=\"auto, (max-width: 664px) 100vw, 664px\" \/><\/figure><\/li><li class=\"blocks-gallery-item\"><figure><img loading=\"lazy\" decoding=\"async\" width=\"600\" height=\"1024\" src=\"https:\/\/www.pppaterna.com\/web\/wp-content\/uploads\/2024\/04\/a-600x1024.jpg\" alt=\"\" data-id=\"927\" data-full-url=\"https:\/\/www.pppaterna.com\/web\/wp-content\/uploads\/2024\/04\/a.jpg\" data-link=\"https:\/\/www.pppaterna.com\/web\/index.php\/2024\/04\/22\/el-partido-popular-de-paterna-organiza-una-ruta-por-el-parque-natural-del-turia\/a\/\" class=\"wp-image-927\" srcset=\"https:\/\/www.pppaterna.com\/web\/wp-content\/uploads\/2024\/04\/a-600x1024.jpg 600w, https:\/\/www.pppaterna.com\/web\/wp-content\/uploads\/2024\/04\/a-176x300.jpg 176w, https:\/\/www.pppaterna.com\/web\/wp-content\/uploads\/2024\/04\/a-768x1312.jpg 768w, https:\/\/www.pppaterna.com\/web\/wp-content\/uploads\/2024\/04\/a-899x1536.jpg 899w, https:\/\/www.pppaterna.com\/web\/wp-content\/uploads\/2024\/04\/a.jpg 1199w\" sizes=\"auto, (max-width: 600px) 100vw, 600px\" \/><\/figure><\/li><li class=\"blocks-gallery-item\"><figure><img loading=\"lazy\" decoding=\"async\" width=\"582\" height=\"1024\" src=\"https:\/\/www.pppaterna.com\/web\/wp-content\/uploads\/2024\/04\/d-582x1024.jpg\" alt=\"\" data-id=\"930\" data-full-url=\"https:\/\/www.pppaterna.com\/web\/wp-content\/uploads\/2024\/04\/d.jpg\" data-link=\"https:\/\/www.pppaterna.com\/web\/index.php\/2024\/04\/22\/el-partido-popular-de-paterna-organiza-una-ruta-por-el-parque-natural-del-turia\/d\/\" class=\"wp-image-930\" srcset=\"https:\/\/www.pppaterna.com\/web\/wp-content\/uploads\/2024\/04\/d-582x1024.jpg 582w, https:\/\/www.pppaterna.com\/web\/wp-content\/uploads\/2024\/04\/d-170x300.jpg 170w, https:\/\/www.pppaterna.com\/web\/wp-content\/uploads\/2024\/04\/d-768x1352.jpg 768w, https:\/\/www.pppaterna.com\/web\/wp-content\/uploads\/2024\/04\/d-872x1536.jpg 872w, https:\/\/www.pppaterna.com\/web\/wp-content\/uploads\/2024\/04\/d.jpg 1163w\" sizes=\"auto, (max-width: 582px) 100vw, 582px\" \/><\/figure><\/li><li class=\"blocks-gallery-item\"><figure><img loading=\"lazy\" decoding=\"async\" width=\"622\" height=\"1024\" src=\"https:\/\/www.pppaterna.com\/web\/wp-content\/uploads\/2024\/04\/c-622x1024.jpg\" alt=\"\" data-id=\"929\" data-full-url=\"https:\/\/www.pppaterna.com\/web\/wp-content\/uploads\/2024\/04\/c.jpg\" data-link=\"https:\/\/www.pppaterna.com\/web\/index.php\/2024\/04\/22\/el-partido-popular-de-paterna-organiza-una-ruta-por-el-parque-natural-del-turia\/c\/\" class=\"wp-image-929\" srcset=\"https:\/\/www.pppaterna.com\/web\/wp-content\/uploads\/2024\/04\/c-622x1024.jpg 622w, https:\/\/www.pppaterna.com\/web\/wp-content\/uploads\/2024\/04\/c-182x300.jpg 182w, https:\/\/www.pppaterna.com\/web\/wp-content\/uploads\/2024\/04\/c-768x1264.jpg 768w, https:\/\/www.pppaterna.com\/web\/wp-content\/uploads\/2024\/04\/c-933x1536.jpg 933w, https:\/\/www.pppaterna.com\/web\/wp-content\/uploads\/2024\/04\/c.jpg 1244w\" sizes=\"auto, (max-width: 622px) 100vw, 622px\" \/><\/figure><\/li><li class=\"blocks-gallery-item\"><figure><img loading=\"lazy\" decoding=\"async\" width=\"623\" height=\"1024\" src=\"https:\/\/www.pppaterna.com\/web\/wp-content\/uploads\/2024\/04\/b-623x1024.jpg\" alt=\"\" data-id=\"928\" data-full-url=\"https:\/\/www.pppaterna.com\/web\/wp-content\/uploads\/2024\/04\/b.jpg\" data-link=\"https:\/\/www.pppaterna.com\/web\/index.php\/2024\/04\/22\/el-partido-popular-de-paterna-organiza-una-ruta-por-el-parque-natural-del-turia\/b\/\" class=\"wp-image-928\" srcset=\"https:\/\/www.pppaterna.com\/web\/wp-content\/uploads\/2024\/04\/b-623x1024.jpg 623w, https:\/\/www.pppaterna.com\/web\/wp-content\/uploads\/2024\/04\/b-182x300.jpg 182w, https:\/\/www.pppaterna.com\/web\/wp-content\/uploads\/2024\/04\/b-768x1263.jpg 768w, https:\/\/www.pppaterna.com\/web\/wp-content\/uploads\/2024\/04\/b-934x1536.jpg 934w, https:\/\/www.pppaterna.com\/web\/wp-content\/uploads\/2024\/04\/b.jpg 1245w\" sizes=\"auto, (max-width: 623px) 100vw, 623px\" \/><\/figure><\/li><\/ul><\/figure>\n\n\n\n<p><em><strong>La ruta guiada por el experto bi\u00f3logo, Aurelio Pe\u00f1a<\/strong><\/em>. A trav\u00e9s de los tesoros naturales e hist\u00f3ricos que ofrece el Parque Natural del Turia en el t\u00e9rmino municipal de Paterna, los participantes tuvieron la oportunidad de explorar lugares emblem\u00e1ticos como la <strong>Lloma de Betx\u00ed<\/strong>, yacimiento arqueol\u00f3gico de la Edad del Bronce, el <strong>Lago de la Vallesa<\/strong> , que forma parte de la red de humedales protegidos a nivel europeo y las trincheras que forman parte de la \u201cl\u00ednea inmediata\u201d de la Guerra Civil, formada por trincheras, b\u00fankers, refugios, nidos de ametralladoras etc, mientras aprend\u00edan sobre la rica flora del entorno del parque.<\/p>\n\n\n\n<p>Los concejales del Partido Popular de Paterna que acompa\u00f1aron en esta enriquecedora experiencia, interactuando con los asistentes y compartiendo su compromiso con la preservaci\u00f3n del medio ambiente y la promoci\u00f3n del turismo sostenible en la zona.<\/p>\n\n\n\n<p><em>\u00abEsta ruta en el Parque Natural del T\u00faria representa nuestro firme compromiso con la conservaci\u00f3n de nuestro patrimonio natural y cultural\u00bb<\/em>, declar\u00f3 <em><strong>Sara Palma.<\/strong><\/em> <em>\u00abEstamos encantados de haber podido compartir esta experiencia enriquecedora con nuestros conciudadanos y seguiremos promoviendo actividades que fomenten el cuidado y la valoraci\u00f3n de nuestro entorno\u00bb.<\/em><\/p>\n\n\n\n<p>El Partido Popular de Paterna agradece sinceramente a todos los participantes y colaboradores por hacer de esta jornada una experiencia memorable y significativa para Paterna.<\/p>\n","protected":false},"excerpt":{"rendered":"<p>El pasado domingo, el Partido Popular de Paterna llev\u00f3 a cabo una emocionante jornada de exploraci\u00f3n en el Parque Natural del Turia. Esta iniciativa, dise\u00f1ada para promover el conocimiento y la apreciaci\u00f3n de nuestro entorno natural, atrajo a una multitud de vecinos y miembros de asociaciones locales. La ruta guiada por el experto bi\u00f3logo, Aurelio [&hellip;]<\/p>\n","protected":false},"author":1,"featured_media":0,"comment_status":"open","ping_status":"open","sticky":false,"template":"","format":"standard","meta":{"footnotes":""},"categories":[3],"tags":[],"class_list":["post-923","post","type-post","status-publish","format-standard","hentry","category-noticias"],"_links":{"self":[{"href":"https:\/\/www.pppaterna.com\/web\/index.php\/wp-json\/wp\/v2\/posts\/923","targetHints":{"allow":["GET"]}}],"collection":[{"href":"https:\/\/www.pppaterna.com\/web\/index.php\/wp-json\/wp\/v2\/posts"}],"about":[{"href":"https:\/\/www.pppaterna.com\/web\/index.php\/wp-json\/wp\/v2\/types\/post"}],"author":[{"embeddable":true,"href":"https:\/\/www.pppaterna.com\/web\/index.php\/wp-json\/wp\/v2\/users\/1"}],"replies":[{"embeddable":true,"href":"https:\/\/www.pppaterna.com\/web\/index.php\/wp-json\/wp\/v2\/comments?post=923"}],"version-history":[{"count":3,"href":"https:\/\/www.pppaterna.com\/web\/index.php\/wp-json\/wp\/v2\/posts\/923\/revisions"}],"predecessor-version":[{"id":933,"href":"https:\/\/www.pppaterna.com\/web\/index.php\/wp-json\/wp\/v2\/posts\/923\/revisions\/933"}],"wp:attachment":[{"href":"https:\/\/www.pppaterna.com\/web\/index.php\/wp-json\/wp\/v2\/media?parent=923"}],"wp:term":[{"taxonomy":"category","embeddable":true,"href":"https:\/\/www.pppaterna.com\/web\/index.php\/wp-json\/wp\/v2\/categories?post=923"},{"taxonomy":"post_tag","embeddable":true,"href":"https:\/\/www.pppaterna.com\/web\/index.php\/wp-json\/wp\/v2\/tags?post=923"}],"curies":[{"name":"wp","href":"https:\/\/api.w.org\/{rel}","templated":true}]}}