{"id":934,"date":"2024-04-23T13:09:55","date_gmt":"2024-04-23T11:09:55","guid":{"rendered":"https:\/\/www.pppaterna.com\/web\/?p=934"},"modified":"2024-04-23T13:09:55","modified_gmt":"2024-04-23T11:09:55","slug":"el-partido-popular-de-paterna-presenta-una-mocion-reclamando-mejorar-la-jardineria-en-la-canada","status":"publish","type":"post","link":"https:\/\/www.pppaterna.com\/web\/index.php\/2024\/04\/23\/el-partido-popular-de-paterna-presenta-una-mocion-reclamando-mejorar-la-jardineria-en-la-canada\/","title":{"rendered":"El Partido Popular de Paterna presenta una moci\u00f3n reclamando mejorar la jardiner\u00eda en La Ca\u00f1ada."},"content":{"rendered":"\n<p><em>La portavoz del grupo municipal popular, <\/em><strong><em>Sara Palma<\/em><\/strong><em>, denuncia el \u201cabandono\u201d de La Ca\u00f1ada, considera \u201cinsostenible\u201d el estado de las calles del barrio y reclama que el equipo de gobierno \u201ccumpla con sus obligaciones\u201d.<\/em><\/p>\n\n\n\n<p>El grupo municipal del Partido Popular de Paterna presentar\u00e1, en el pr\u00f3ximo pleno municipal, una moci\u00f3n para reclamar mejoras en el plan de jardiner\u00eda en La Ca\u00f1ada. Un barrio que, seg\u00fan la portavoz popular <strong>Sara Palma<\/strong>, \u201cest\u00e1 abandonado por el alcalde\u201d.<\/p>\n\n\n\n<p>Seg\u00fan <strong>Palma<\/strong>, la gesti\u00f3n de los recursos en La Ca\u00f1ada es \u201cabsolutamente ineficaz, como demuestra un simple paseo por sus calles\u201d. Una situaci\u00f3n que ha sido denunciada por los populares y por los vecinos, ante lo que el equipo de gobierno \u201cno hace nada, el alcalde se toma como una afrenta personal cualquier cr\u00edtica y no est\u00e1 dispuesto a hacer nada para implementar mejoras\u201d.<\/p>\n\n\n\n<p><strong>Palma<\/strong> acusa a <strong>Juan Antonio Sagredo<\/strong>, alcalde de Paterna, de \u201ctapar su irresponsabilidad con anuncios\u201d. As\u00ed, considera \u201cuna broma de p\u00e9simo gusto\u201d que el alcalde \u201canuncie en redes sociales una campa\u00f1a anual de limpieza en Paterna, como si no fuese su obligaci\u00f3n garantizar la limpieza de las calles todos los d\u00edas\u201d.&nbsp;<\/p>\n\n\n\n<p>Entre otros aspectos,<strong> <\/strong>la edil popular hace menci\u00f3n a una poda y mantenimiento \u201cinsuficiente\u201d del arbolado, que provoca \u201cla ca\u00edda de ramas, con el riesgo que supone para los vecinos y los veh\u00edculos estacionados en la calle\u201d y el \u201cabandono\u201d de los alcorques y la proliferaci\u00f3n de malas hierbas, que \u201cacumulan suciedad e impiden andar por las aceras\u201d.<\/p>\n\n\n\n<p>Los populares exigen al equipo de gobierno \u201ctomarse en serio La Ca\u00f1ada de una vez por todas\u201d y acometer una serie de acciones que se especifican en su moci\u00f3n y que van desde la limpieza frecuente de las zonas verdes y la eliminaci\u00f3n de malas hierbas hasta la retirada de los \u00e1rboles en mal estado y riesgo de ca\u00edda.<\/p>\n\n\n\n<div class=\"wp-block-group\"><div class=\"wp-block-group__inner-container is-layout-flow wp-block-group-is-layout-flow\">\n<figure class=\"wp-block-gallery aligncenter columns-3 is-cropped wp-block-gallery-1 is-layout-flex wp-block-gallery-is-layout-flex\"><ul class=\"blocks-gallery-grid\"><li class=\"blocks-gallery-item\"><figure><img loading=\"lazy\" decoding=\"async\" width=\"819\" height=\"1024\" src=\"https:\/\/www.pppaterna.com\/web\/wp-content\/uploads\/2024\/04\/2-3-819x1024.jpg\" alt=\"\" data-id=\"937\" data-full-url=\"https:\/\/www.pppaterna.com\/web\/wp-content\/uploads\/2024\/04\/2-3.jpg\" data-link=\"https:\/\/www.pppaterna.com\/web\/?attachment_id=937\" class=\"wp-image-937\" srcset=\"https:\/\/www.pppaterna.com\/web\/wp-content\/uploads\/2024\/04\/2-3-819x1024.jpg 819w, https:\/\/www.pppaterna.com\/web\/wp-content\/uploads\/2024\/04\/2-3-240x300.jpg 240w, https:\/\/www.pppaterna.com\/web\/wp-content\/uploads\/2024\/04\/2-3-768x961.jpg 768w, https:\/\/www.pppaterna.com\/web\/wp-content\/uploads\/2024\/04\/2-3-1228x1536.jpg 1228w, https:\/\/www.pppaterna.com\/web\/wp-content\/uploads\/2024\/04\/2-3.jpg 1637w\" sizes=\"auto, (max-width: 819px) 100vw, 819px\" \/><\/figure><\/li><li class=\"blocks-gallery-item\"><figure><img loading=\"lazy\" decoding=\"async\" width=\"608\" height=\"1024\" src=\"https:\/\/www.pppaterna.com\/web\/wp-content\/uploads\/2024\/04\/1-5-608x1024.jpg\" alt=\"\" data-id=\"936\" data-full-url=\"https:\/\/www.pppaterna.com\/web\/wp-content\/uploads\/2024\/04\/1-5.jpg\" data-link=\"https:\/\/www.pppaterna.com\/web\/?attachment_id=936\" class=\"wp-image-936\" srcset=\"https:\/\/www.pppaterna.com\/web\/wp-content\/uploads\/2024\/04\/1-5-608x1024.jpg 608w, https:\/\/www.pppaterna.com\/web\/wp-content\/uploads\/2024\/04\/1-5-178x300.jpg 178w, https:\/\/www.pppaterna.com\/web\/wp-content\/uploads\/2024\/04\/1-5-768x1293.jpg 768w, https:\/\/www.pppaterna.com\/web\/wp-content\/uploads\/2024\/04\/1-5-912x1536.jpg 912w, https:\/\/www.pppaterna.com\/web\/wp-content\/uploads\/2024\/04\/1-5.jpg 1216w\" sizes=\"auto, (max-width: 608px) 100vw, 608px\" \/><\/figure><\/li><li class=\"blocks-gallery-item\"><figure><img loading=\"lazy\" decoding=\"async\" width=\"768\" height=\"1024\" src=\"https:\/\/www.pppaterna.com\/web\/wp-content\/uploads\/2024\/04\/3-2-768x1024.jpg\" alt=\"\" data-id=\"938\" data-full-url=\"https:\/\/www.pppaterna.com\/web\/wp-content\/uploads\/2024\/04\/3-2.jpg\" data-link=\"https:\/\/www.pppaterna.com\/web\/?attachment_id=938\" class=\"wp-image-938\" srcset=\"https:\/\/www.pppaterna.com\/web\/wp-content\/uploads\/2024\/04\/3-2-768x1024.jpg 768w, https:\/\/www.pppaterna.com\/web\/wp-content\/uploads\/2024\/04\/3-2-225x300.jpg 225w, https:\/\/www.pppaterna.com\/web\/wp-content\/uploads\/2024\/04\/3-2-1152x1536.jpg 1152w, https:\/\/www.pppaterna.com\/web\/wp-content\/uploads\/2024\/04\/3-2.jpg 1536w\" sizes=\"auto, (max-width: 768px) 100vw, 768px\" \/><\/figure><\/li><li class=\"blocks-gallery-item\"><figure><img loading=\"lazy\" decoding=\"async\" width=\"768\" height=\"1024\" src=\"https:\/\/www.pppaterna.com\/web\/wp-content\/uploads\/2024\/04\/4-2-768x1024.jpg\" alt=\"\" data-id=\"939\" data-full-url=\"https:\/\/www.pppaterna.com\/web\/wp-content\/uploads\/2024\/04\/4-2.jpg\" data-link=\"https:\/\/www.pppaterna.com\/web\/?attachment_id=939\" class=\"wp-image-939\" srcset=\"https:\/\/www.pppaterna.com\/web\/wp-content\/uploads\/2024\/04\/4-2-768x1024.jpg 768w, https:\/\/www.pppaterna.com\/web\/wp-content\/uploads\/2024\/04\/4-2-225x300.jpg 225w, https:\/\/www.pppaterna.com\/web\/wp-content\/uploads\/2024\/04\/4-2-1152x1536.jpg 1152w, https:\/\/www.pppaterna.com\/web\/wp-content\/uploads\/2024\/04\/4-2.jpg 1536w\" sizes=\"auto, (max-width: 768px) 100vw, 768px\" \/><\/figure><\/li><\/ul><\/figure>\n<\/div><\/div>\n","protected":false},"excerpt":{"rendered":"<p>La portavoz del grupo municipal popular, Sara Palma, denuncia el \u201cabandono\u201d de La Ca\u00f1ada, considera \u201cinsostenible\u201d el estado de las calles del barrio y reclama que el equipo de gobierno \u201ccumpla con sus obligaciones\u201d. El grupo municipal del Partido Popular de Paterna presentar\u00e1, en el pr\u00f3ximo pleno municipal, una moci\u00f3n para reclamar mejoras en el [&hellip;]<\/p>\n","protected":false},"author":1,"featured_media":935,"comment_status":"open","ping_status":"open","sticky":false,"template":"","format":"standard","meta":{"footnotes":""},"categories":[3],"tags":[],"class_list":["post-934","post","type-post","status-publish","format-standard","has-post-thumbnail","hentry","category-noticias"],"_links":{"self":[{"href":"https:\/\/www.pppaterna.com\/web\/index.php\/wp-json\/wp\/v2\/posts\/934","targetHints":{"allow":["GET"]}}],"collection":[{"href":"https:\/\/www.pppaterna.com\/web\/index.php\/wp-json\/wp\/v2\/posts"}],"about":[{"href":"https:\/\/www.pppaterna.com\/web\/index.php\/wp-json\/wp\/v2\/types\/post"}],"author":[{"embeddable":true,"href":"https:\/\/www.pppaterna.com\/web\/index.php\/wp-json\/wp\/v2\/users\/1"}],"replies":[{"embeddable":true,"href":"https:\/\/www.pppaterna.com\/web\/index.php\/wp-json\/wp\/v2\/comments?post=934"}],"version-history":[{"count":1,"href":"https:\/\/www.pppaterna.com\/web\/index.php\/wp-json\/wp\/v2\/posts\/934\/revisions"}],"predecessor-version":[{"id":940,"href":"https:\/\/www.pppaterna.com\/web\/index.php\/wp-json\/wp\/v2\/posts\/934\/revisions\/940"}],"wp:featuredmedia":[{"embeddable":true,"href":"https:\/\/www.pppaterna.com\/web\/index.php\/wp-json\/wp\/v2\/media\/935"}],"wp:attachment":[{"href":"https:\/\/www.pppaterna.com\/web\/index.php\/wp-json\/wp\/v2\/media?parent=934"}],"wp:term":[{"taxonomy":"category","embeddable":true,"href":"https:\/\/www.pppaterna.com\/web\/index.php\/wp-json\/wp\/v2\/categories?post=934"},{"taxonomy":"post_tag","embeddable":true,"href":"https:\/\/www.pppaterna.com\/web\/index.php\/wp-json\/wp\/v2\/tags?post=934"}],"curies":[{"name":"wp","href":"https:\/\/api.w.org\/{rel}","templated":true}]}}