{"id":944,"date":"2024-05-07T12:45:41","date_gmt":"2024-05-07T10:45:41","guid":{"rendered":"https:\/\/www.pppaterna.com\/web\/?p=944"},"modified":"2024-05-07T12:45:41","modified_gmt":"2024-05-07T10:45:41","slug":"el-partido-popular-de-paterna-exige-medidas-para-resolver-los-problemas-de-aparcamiento-en-el-barrio-de-campamento","status":"publish","type":"post","link":"https:\/\/www.pppaterna.com\/web\/index.php\/2024\/05\/07\/el-partido-popular-de-paterna-exige-medidas-para-resolver-los-problemas-de-aparcamiento-en-el-barrio-de-campamento\/","title":{"rendered":"El Partido Popular de Paterna exige medidas para resolver los problemas de aparcamiento en el barrio de Campamento."},"content":{"rendered":"\n<p><em>La portavoz popular, <\/em><strong><em>Sara Palma<\/em><\/strong><em>, ha manifestado que los vecinos est\u00e1n \u201chartos de no poder estacionar sus veh\u00edculos\u201d mientras el alcalde \u201cles vende que la soluci\u00f3n es un parking situado fuera del barrio\u201d.<\/em><\/p>\n\n\n\n<p>El grupo municipal del Partido Popular en Paterna ha puesto de manifiesto su preocupaci\u00f3n por los \u201cproblemas de aparcamiento\u201d en el barrio de Campamento. Un barrio con m\u00e1s de 7.000 vecinos en el que aparcar es \u201cuna odisea que afecta a los propietarios de los veh\u00edculos y tambi\u00e9n a los viandantes, que se encuentran las aceras invadidas por los coches\u201d.<\/p>\n\n\n\n<p>Seg\u00fan <strong>Palma<\/strong>, el alcalde socialista de Paterna \u201cno afronta este problema, ni ofrece soluciones reales\u201d. A este respecto, recuerda que, justo antes de las elecciones locales, el alcalde inaugur\u00f3 un parking \u201calejado del mayor n\u00facleo de viviendas del barrio y de sus comercios\u201d. As\u00ed, ha a\u00f1adido que \u201cpensar que un parking a las afueras de Paterna es una soluci\u00f3n para el barrio de Campamento significa desconocer la naturaleza del problema o conocerla y no querer abordarla con seriedad\u201d.<\/p>\n\n\n\n<p>La edil popular se ha hecho eco de las quejas de \u201cmultitud de vecinos, cuyos comentarios inundan las redes sociales y las conversaciones en el barrio\u201d. Una \u201cindignaci\u00f3n muy fundamentada\u201d puesto que el barrio de Campamento \u201calberga una actividad comercial importante, la oferta cultural del Gran Teatro Antonio Ferrandis y una parada de metro que quedan muy alejados de la zona de estacionamiento que sugiere el alcalde\u201d.<\/p>\n\n\n\n<p><strong>Palma<\/strong> ha apelado a que su grupo municipal baraja \u201cpropuestas reales y efectivas\u201d para resolver la problem\u00e1tica. Unas propuestas que plantear\u00e1 al equipo de gobierno, y a las dem\u00e1s fuerzas pol\u00edticas, para \u201cresolver un problema que lleva demasiado tiempo sin afrontarse como es debido\u201d.<\/p>\n","protected":false},"excerpt":{"rendered":"<p>La portavoz popular, Sara Palma, ha manifestado que los vecinos est\u00e1n \u201chartos de no poder estacionar sus veh\u00edculos\u201d mientras el alcalde \u201cles vende que la soluci\u00f3n es un parking situado fuera del barrio\u201d. El grupo municipal del Partido Popular en Paterna ha puesto de manifiesto su preocupaci\u00f3n por los \u201cproblemas de aparcamiento\u201d en el barrio [&hellip;]<\/p>\n","protected":false},"author":1,"featured_media":945,"comment_status":"open","ping_status":"open","sticky":false,"template":"","format":"standard","meta":{"footnotes":""},"categories":[3],"tags":[],"class_list":["post-944","post","type-post","status-publish","format-standard","has-post-thumbnail","hentry","category-noticias"],"_links":{"self":[{"href":"https:\/\/www.pppaterna.com\/web\/index.php\/wp-json\/wp\/v2\/posts\/944","targetHints":{"allow":["GET"]}}],"collection":[{"href":"https:\/\/www.pppaterna.com\/web\/index.php\/wp-json\/wp\/v2\/posts"}],"about":[{"href":"https:\/\/www.pppaterna.com\/web\/index.php\/wp-json\/wp\/v2\/types\/post"}],"author":[{"embeddable":true,"href":"https:\/\/www.pppaterna.com\/web\/index.php\/wp-json\/wp\/v2\/users\/1"}],"replies":[{"embeddable":true,"href":"https:\/\/www.pppaterna.com\/web\/index.php\/wp-json\/wp\/v2\/comments?post=944"}],"version-history":[{"count":1,"href":"https:\/\/www.pppaterna.com\/web\/index.php\/wp-json\/wp\/v2\/posts\/944\/revisions"}],"predecessor-version":[{"id":946,"href":"https:\/\/www.pppaterna.com\/web\/index.php\/wp-json\/wp\/v2\/posts\/944\/revisions\/946"}],"wp:featuredmedia":[{"embeddable":true,"href":"https:\/\/www.pppaterna.com\/web\/index.php\/wp-json\/wp\/v2\/media\/945"}],"wp:attachment":[{"href":"https:\/\/www.pppaterna.com\/web\/index.php\/wp-json\/wp\/v2\/media?parent=944"}],"wp:term":[{"taxonomy":"category","embeddable":true,"href":"https:\/\/www.pppaterna.com\/web\/index.php\/wp-json\/wp\/v2\/categories?post=944"},{"taxonomy":"post_tag","embeddable":true,"href":"https:\/\/www.pppaterna.com\/web\/index.php\/wp-json\/wp\/v2\/tags?post=944"}],"curies":[{"name":"wp","href":"https:\/\/api.w.org\/{rel}","templated":true}]}}