{"id":947,"date":"2024-05-28T12:57:39","date_gmt":"2024-05-28T10:57:39","guid":{"rendered":"https:\/\/www.pppaterna.com\/web\/?p=947"},"modified":"2024-05-28T12:57:39","modified_gmt":"2024-05-28T10:57:39","slug":"el-pp-de-paterna-reclama-una-zona-de-parking-dentro-del-barrio-de-campamento","status":"publish","type":"post","link":"https:\/\/www.pppaterna.com\/web\/index.php\/2024\/05\/28\/el-pp-de-paterna-reclama-una-zona-de-parking-dentro-del-barrio-de-campamento\/","title":{"rendered":"El PP de Paterna reclama una zona de parking dentro del barrio de Campamento."},"content":{"rendered":"\n<p>La portavoz popular, Sara Palma, considera \u201cinsuficiente\u201d un parking a las afueras del barrio y afirma que \u201cen Campamento hay coches sobre las aceras mientras el parking de Los Naranjos, situado a las afueras, tiene decenas de plazas vac\u00edas\u201d.<\/p>\n\n\n\n<p><br>El grupo municipal del Partido Popular presentar\u00e1 una moci\u00f3n en el pleno parareclamar un espacio p\u00fablico de aparcamiento dentro del barrio de Campamento.<\/p>\n\n\n\n<p><br>Los populares valoran el parking de Los Naranjos como una opci\u00f3n \u201c\u00fatil, pero insuficiente al encontrarse lejos de las viviendas y comercios del barrio\u201d.<\/p>\n\n\n\n<p><br>La portavoz popular, Sara Palma, ha destacado el hecho de que las aceras de<br>Campamento est\u00e9n \u201cinvadidas\u201d por los coches. Algo que considera \u201cl\u00f3gico, porque nadie quiere aparcar lejos de su casa\u201d pero que \u201cgenera problemas de movilidad para los peatones\u201d.<\/p>\n\n\n\n<p><br>Palma reconoce que el problema del aparcamiento es compartido, en especial, por los grandes municipios. As\u00ed, apela a que \u201cen Espa\u00f1a hay un mill\u00f3n de coches m\u00e1s que hace cuatro a\u00f1os y la movilidad sostenible implica destinar parte de la v\u00eda p\u00fablica a usos incompatibles con los veh\u00edculos privados\u201d por lo que, a\u00f1ade, \u201cel Ayuntamiento de Paterna debe encontrar el equilibrio entre ambas circunstancias y<br>ofrecer soluciones a los vecinos\u201d.<\/p>\n\n\n\n<p><br>La edil ha manifestado la disposici\u00f3n del grupo popular para seguir escuchando a los vecinos de Paterna y llevar a cabo iniciativas que \u201crespondan a sus problemas reales\u201d.<\/p>\n","protected":false},"excerpt":{"rendered":"<p>La portavoz popular, Sara Palma, considera \u201cinsuficiente\u201d un parking a las afueras del barrio y afirma que \u201cen Campamento hay coches sobre las aceras mientras el parking de Los Naranjos, situado a las afueras, tiene decenas de plazas vac\u00edas\u201d. El grupo municipal del Partido Popular presentar\u00e1 una moci\u00f3n en el pleno parareclamar un espacio p\u00fablico [&hellip;]<\/p>\n","protected":false},"author":1,"featured_media":948,"comment_status":"open","ping_status":"open","sticky":false,"template":"","format":"standard","meta":{"footnotes":""},"categories":[3],"tags":[],"class_list":["post-947","post","type-post","status-publish","format-standard","has-post-thumbnail","hentry","category-noticias"],"_links":{"self":[{"href":"https:\/\/www.pppaterna.com\/web\/index.php\/wp-json\/wp\/v2\/posts\/947","targetHints":{"allow":["GET"]}}],"collection":[{"href":"https:\/\/www.pppaterna.com\/web\/index.php\/wp-json\/wp\/v2\/posts"}],"about":[{"href":"https:\/\/www.pppaterna.com\/web\/index.php\/wp-json\/wp\/v2\/types\/post"}],"author":[{"embeddable":true,"href":"https:\/\/www.pppaterna.com\/web\/index.php\/wp-json\/wp\/v2\/users\/1"}],"replies":[{"embeddable":true,"href":"https:\/\/www.pppaterna.com\/web\/index.php\/wp-json\/wp\/v2\/comments?post=947"}],"version-history":[{"count":1,"href":"https:\/\/www.pppaterna.com\/web\/index.php\/wp-json\/wp\/v2\/posts\/947\/revisions"}],"predecessor-version":[{"id":949,"href":"https:\/\/www.pppaterna.com\/web\/index.php\/wp-json\/wp\/v2\/posts\/947\/revisions\/949"}],"wp:featuredmedia":[{"embeddable":true,"href":"https:\/\/www.pppaterna.com\/web\/index.php\/wp-json\/wp\/v2\/media\/948"}],"wp:attachment":[{"href":"https:\/\/www.pppaterna.com\/web\/index.php\/wp-json\/wp\/v2\/media?parent=947"}],"wp:term":[{"taxonomy":"category","embeddable":true,"href":"https:\/\/www.pppaterna.com\/web\/index.php\/wp-json\/wp\/v2\/categories?post=947"},{"taxonomy":"post_tag","embeddable":true,"href":"https:\/\/www.pppaterna.com\/web\/index.php\/wp-json\/wp\/v2\/tags?post=947"}],"curies":[{"name":"wp","href":"https:\/\/api.w.org\/{rel}","templated":true}]}}