{"id":952,"date":"2024-06-09T23:26:08","date_gmt":"2024-06-09T21:26:08","guid":{"rendered":"https:\/\/www.pppaterna.com\/web\/?p=952"},"modified":"2024-06-09T23:27:48","modified_gmt":"2024-06-09T21:27:48","slug":"el-partido-popular-de-paterna-gana-las-elecciones-bajo-el-liderazgo-de-sara-palma","status":"publish","type":"post","link":"https:\/\/www.pppaterna.com\/web\/index.php\/2024\/06\/09\/el-partido-popular-de-paterna-gana-las-elecciones-bajo-el-liderazgo-de-sara-palma\/","title":{"rendered":"El Partido Popular de Paterna gana las elecciones bajo el liderazgo de Sara Palma."},"content":{"rendered":"\n<p><em>El Partido Popular (PP) de Paterna ha logrado un incremento en las tres \u00faltimas citas electorales, consolid\u00e1ndose como primera fuerza pol\u00edtica en el municipio de Paterna bajo el liderazgo de Sara Palma. Los resultados de las recientes elecciones europeas de <\/em><em>este domingo, han sido especialmente significativos, con el PP obteniendo el 33,25% de los votos, lo que refleja un crecimiento continuo y sostenido.<\/em><\/p>\n\n\n\n<p>En las elecciones municipales de 2023, el PP en Paterna consigui\u00f3 el 23,55% de los votos, doblando su apoyo en comparaci\u00f3n con citas anteriores. Este impulso continu\u00f3 en las elecciones nacionales de 2023, donde el partido alcanz\u00f3 el 32,20% de los votos. El reciente resultado en las elecciones europeas, con un <em>33,25% <\/em>de apoyo, subraya el creciente respaldo de los ciudadanos de Paterna hacia el PP y su liderazgo.<\/p>\n\n\n\n<p><em><strong>Sara Palma<\/strong><\/em>, figura clave en este \u00e9xito, ha expresado su optimismo para el futuro del partido en el municipio. <em><strong>\u00abEl 2027 ser\u00e1 el a\u00f1o en el que el Partido Popular gobierne en Paterna<\/strong><\/em>.\u00bb Los resultados que hemos visto en las \u00faltimas elecciones son un claro indicio de que nuestra visi\u00f3n y propuestas est\u00e1n llegando a los ciudadanos\u00bb, afirm\u00f3 Palma. \u00abEstamos agradecidos por la confianza que los vecinos de Paterna han depositado en nosotros como primera fuerza y continuaremos trabajando para representar sus intereses y mejorar nuestra ciudad\u00bb.<\/p>\n\n\n\n<p>El crecimiento del Partido Popular en Paterna refleja no solo un cambio en el panorama pol\u00edtico local, sino tambi\u00e9n un fuerte respaldo a las iniciativas y propuestas defendidas por Sara Palma y su equipo en este a\u00f1o. El Partido Popular de Paterna ha adoptado una pol\u00edtica centrada en ayudar a los vecinos, priorizando propuestas para la mejora de los servicios p\u00fablicos, el desarrollo econ\u00f3mico y el bienestar social como l<em><strong>a rebaja de impuestos<\/strong><\/em><strong>, p<\/strong><em><strong>olic\u00eda de barrio, solucionar los problemas de aparcamiento, la limpieza y recogida de residuos<\/strong><\/em><em>, entre otros.<\/em><\/p>\n\n\n\n<p>El PP de Paterna se ha posicionado como primera fuerza pol\u00edtica en Paterna, para hacerse con la alcald\u00eda en 2027.<\/p>\n","protected":false},"excerpt":{"rendered":"<p>El Partido Popular (PP) de Paterna ha logrado un incremento en las tres \u00faltimas citas electorales, consolid\u00e1ndose como primera fuerza pol\u00edtica en el municipio de Paterna bajo el liderazgo de Sara Palma. Los resultados de las recientes elecciones europeas de este domingo, han sido especialmente significativos, con el PP obteniendo el 33,25% de los votos, [&hellip;]<\/p>\n","protected":false},"author":1,"featured_media":953,"comment_status":"open","ping_status":"open","sticky":false,"template":"","format":"standard","meta":{"footnotes":""},"categories":[3],"tags":[],"class_list":["post-952","post","type-post","status-publish","format-standard","has-post-thumbnail","hentry","category-noticias"],"_links":{"self":[{"href":"https:\/\/www.pppaterna.com\/web\/index.php\/wp-json\/wp\/v2\/posts\/952","targetHints":{"allow":["GET"]}}],"collection":[{"href":"https:\/\/www.pppaterna.com\/web\/index.php\/wp-json\/wp\/v2\/posts"}],"about":[{"href":"https:\/\/www.pppaterna.com\/web\/index.php\/wp-json\/wp\/v2\/types\/post"}],"author":[{"embeddable":true,"href":"https:\/\/www.pppaterna.com\/web\/index.php\/wp-json\/wp\/v2\/users\/1"}],"replies":[{"embeddable":true,"href":"https:\/\/www.pppaterna.com\/web\/index.php\/wp-json\/wp\/v2\/comments?post=952"}],"version-history":[{"count":2,"href":"https:\/\/www.pppaterna.com\/web\/index.php\/wp-json\/wp\/v2\/posts\/952\/revisions"}],"predecessor-version":[{"id":955,"href":"https:\/\/www.pppaterna.com\/web\/index.php\/wp-json\/wp\/v2\/posts\/952\/revisions\/955"}],"wp:featuredmedia":[{"embeddable":true,"href":"https:\/\/www.pppaterna.com\/web\/index.php\/wp-json\/wp\/v2\/media\/953"}],"wp:attachment":[{"href":"https:\/\/www.pppaterna.com\/web\/index.php\/wp-json\/wp\/v2\/media?parent=952"}],"wp:term":[{"taxonomy":"category","embeddable":true,"href":"https:\/\/www.pppaterna.com\/web\/index.php\/wp-json\/wp\/v2\/categories?post=952"},{"taxonomy":"post_tag","embeddable":true,"href":"https:\/\/www.pppaterna.com\/web\/index.php\/wp-json\/wp\/v2\/tags?post=952"}],"curies":[{"name":"wp","href":"https:\/\/api.w.org\/{rel}","templated":true}]}}