{"id":956,"date":"2024-06-18T10:24:18","date_gmt":"2024-06-18T08:24:18","guid":{"rendered":"https:\/\/www.pppaterna.com\/web\/?p=956"},"modified":"2024-06-18T11:59:27","modified_gmt":"2024-06-18T09:59:27","slug":"nace-elisa-palma-hija-de-la-empresaria-concejal-y-portavoz-del-pp-sara-palma","status":"publish","type":"post","link":"https:\/\/www.pppaterna.com\/web\/index.php\/2024\/06\/18\/nace-elisa-palma-hija-de-la-empresaria-concejal-y-portavoz-del-pp-sara-palma\/","title":{"rendered":"Nace Elisa Palma, hija de la empresaria, concejal y portavoz del PP, Sara Palma."},"content":{"rendered":"\n<p><strong><em>Nos complace anunciar el nacimiento de Elisa Palma, hija de la joven empresaria, concejal y portavoz del Partido Popular (PP), Sara Palma. Elisa naci\u00f3 el 18 de junio de 2024 en Valencia, y tanto ella como su madre se encuentran en perfecto estado de salud.<\/em><\/strong><\/p>\n\n\n\n<p><strong><em>Sara Palma, reconocida por su dedicaci\u00f3n y compromiso tanto en el \u00e1mbito empresarial como en su labor pol\u00edtica en Paterna como l\u00edder de la oposici\u00f3n, ha expresado su inmensa felicidad y gratitud por el apoyo recibido en este momento tan especial. \u00ab<\/em><\/strong><strong><em><strong>La llegada de Elisa marca un momento especial en la vida de toda la familia, en especial de sus hermanos Enzo de 5 a\u00f1os y Ciro de 2. Estoy agradecida por las muestras de cari\u00f1o y el apoyo incondicional de todos nuestros amigos y vecinos de Paterna\u00bb<\/strong><\/em><\/strong><strong><em>, coment\u00f3 Sara Palma.<\/em><\/strong><\/p>\n\n\n\n<p>Como portavoz del PP y concejal, Sara Palma ha demostrado un firme compromiso con Paterna, trabajando incansablemente para mejorar la calidad de la vida de sus vecinos. Este nuevo cap\u00edtulo en su vida personal no solo llena de alegr\u00eda su hogar, sino que tambi\u00e9n fortalece su determinaci\u00f3n y pasi\u00f3n por seguir trabajando por una Paterna mejor para el futuro de sus hijos y las nuevas generaciones.<\/p>\n\n\n\n<p>Sara Palma subraya su compromiso con los valores familiares y la mejora continua de la calidad de vida en Paterna. <em><strong>\u00abComo madre, deseo que mis hijos crezcan en una ciudad segura, pr\u00f3spera y con oportunidades para todos. Por ello, seguir\u00e9 dedicando todos mis esfuerzos para lograr ese objetivo,\u00bb<\/strong><\/em> agreg\u00f3 la portavoz.<\/p>\n\n\n\n<p>El Partido Popular de Paterna se une a las felicitaciones y celebra este momento especial para su portavoz. El grupo municipal popular continuar\u00e1 apostando por pol\u00edticas que beneficien a todas las familias de la localidad.<\/p>\n\n\n\n<p>Felicitamos a Sara Palma y a su familia por la llegada de Elisa y les deseamos mucha felicidad en esta nueva etapa.<\/p>\n","protected":false},"excerpt":{"rendered":"<p>Nos complace anunciar el nacimiento de Elisa Palma, hija de la joven empresaria, concejal y portavoz del Partido Popular (PP), Sara Palma. Elisa naci\u00f3 el 18 de junio de 2024 en Valencia, y tanto ella como su madre se encuentran en perfecto estado de salud. Sara Palma, reconocida por su dedicaci\u00f3n y compromiso tanto en [&hellip;]<\/p>\n","protected":false},"author":1,"featured_media":960,"comment_status":"open","ping_status":"open","sticky":false,"template":"","format":"standard","meta":{"footnotes":""},"categories":[3],"tags":[],"class_list":["post-956","post","type-post","status-publish","format-standard","has-post-thumbnail","hentry","category-noticias"],"_links":{"self":[{"href":"https:\/\/www.pppaterna.com\/web\/index.php\/wp-json\/wp\/v2\/posts\/956","targetHints":{"allow":["GET"]}}],"collection":[{"href":"https:\/\/www.pppaterna.com\/web\/index.php\/wp-json\/wp\/v2\/posts"}],"about":[{"href":"https:\/\/www.pppaterna.com\/web\/index.php\/wp-json\/wp\/v2\/types\/post"}],"author":[{"embeddable":true,"href":"https:\/\/www.pppaterna.com\/web\/index.php\/wp-json\/wp\/v2\/users\/1"}],"replies":[{"embeddable":true,"href":"https:\/\/www.pppaterna.com\/web\/index.php\/wp-json\/wp\/v2\/comments?post=956"}],"version-history":[{"count":2,"href":"https:\/\/www.pppaterna.com\/web\/index.php\/wp-json\/wp\/v2\/posts\/956\/revisions"}],"predecessor-version":[{"id":959,"href":"https:\/\/www.pppaterna.com\/web\/index.php\/wp-json\/wp\/v2\/posts\/956\/revisions\/959"}],"wp:featuredmedia":[{"embeddable":true,"href":"https:\/\/www.pppaterna.com\/web\/index.php\/wp-json\/wp\/v2\/media\/960"}],"wp:attachment":[{"href":"https:\/\/www.pppaterna.com\/web\/index.php\/wp-json\/wp\/v2\/media?parent=956"}],"wp:term":[{"taxonomy":"category","embeddable":true,"href":"https:\/\/www.pppaterna.com\/web\/index.php\/wp-json\/wp\/v2\/categories?post=956"},{"taxonomy":"post_tag","embeddable":true,"href":"https:\/\/www.pppaterna.com\/web\/index.php\/wp-json\/wp\/v2\/tags?post=956"}],"curies":[{"name":"wp","href":"https:\/\/api.w.org\/{rel}","templated":true}]}}