{"id":961,"date":"2024-07-01T09:16:30","date_gmt":"2024-07-01T07:16:30","guid":{"rendered":"https:\/\/www.pppaterna.com\/web\/?p=961"},"modified":"2024-07-01T09:16:30","modified_gmt":"2024-07-01T07:16:30","slug":"el-partido-popular-de-paterna-aprueba-la-solicitud-de-pediatra-para-la-coma-y-mas-del-rosari-y-solicita-policia-de-barrio-24h-y-el-refuerzo-de-seguridad-a-la-delegacion-del-gobierno","status":"publish","type":"post","link":"https:\/\/www.pppaterna.com\/web\/index.php\/2024\/07\/01\/el-partido-popular-de-paterna-aprueba-la-solicitud-de-pediatra-para-la-coma-y-mas-del-rosari-y-solicita-policia-de-barrio-24h-y-el-refuerzo-de-seguridad-a-la-delegacion-del-gobierno\/","title":{"rendered":"El Partido Popular de Paterna aprueba la solicitud de pediatra para La Coma y Mas del Rosari y solicita Polic\u00eda de barrio 24h y el refuerzo de seguridad a la Delegaci\u00f3n del Gobierno."},"content":{"rendered":"\n<p><em>El Ayuntamiento de Paterna ha aprobado por unanimidad en el pleno municipal de junio la solicitud de un pediatra para los barrios de La Coma y Mas del Rosari. Desde el Partido Popular han resaltado que la falta de este servicio esencial no se debe a una carencia de recursos en el sistema sanitario, sino a problemas de seguridad laboral en el centro de salud y en el barrio.<\/em><\/p>\n\n\n\n<p>El Grupo Municipal Popular ha manifestado ser \u201cconsciente de la importancia de recuperar el servicio de pediatr\u00eda en el centro de salud de La Coma\u201d, un servicio \u201cnecesario\u201d tanto para los vecinos de La Coma como para los de Mas del Rosari, que actualmente deben desplazarse a otros centros como El Clot, La Canyada y Campamento para recibir atenci\u00f3n pedi\u00e1trica.<\/p>\n\n\n\n<p>\u201cLa falta de pediatras y las bajas m\u00e9dicas prolongadas se deben a problemas de seguridad que han persistido durante m\u00e1s de tres a\u00f1os\u201d afirman. Consideran que es \u201ccrucial\u201d que <strong><em>las instituciones p\u00fablicas garanticen un entorno laboral seguro, tanto en el centro de salud como en el barrio.<\/em><\/strong><\/p>\n\n\n\n<p>Adem\u00e1s, el Partido Popular ha solicitado en el pleno municipal la presencia de <strong><em>polic\u00eda de barrio durante 24 horas e instar a la Delegaci\u00f3n del Gobierno a reforzar la seguridad<\/em><\/strong> en todo el barrio. En este sentido, han apuntado a que \u201cla seguridad es un componente esencial para el funcionamiento efectivo de los servicios de salud y para la tranquilidad de los residentes\u201d.<\/p>\n\n\n\n<p><strong><em>Sara Palma<\/em><\/strong> considera que es \u201cnecesario seguir avanzando en la mejora de la seguridad para garantizar un servicio de pediatr\u00eda estable y accesible para todos los vecinos de La Coma y Mas del Rosari\u201d.<\/p>\n\n\n\n<p><\/p>\n\n\n\n<p><\/p>\n","protected":false},"excerpt":{"rendered":"<p>El Ayuntamiento de Paterna ha aprobado por unanimidad en el pleno municipal de junio la solicitud de un pediatra para los barrios de La Coma y Mas del Rosari. Desde el Partido Popular han resaltado que la falta de este servicio esencial no se debe a una carencia de recursos en el sistema sanitario, sino [&hellip;]<\/p>\n","protected":false},"author":1,"featured_media":962,"comment_status":"open","ping_status":"open","sticky":false,"template":"","format":"standard","meta":{"footnotes":""},"categories":[3],"tags":[],"class_list":["post-961","post","type-post","status-publish","format-standard","has-post-thumbnail","hentry","category-noticias"],"_links":{"self":[{"href":"https:\/\/www.pppaterna.com\/web\/index.php\/wp-json\/wp\/v2\/posts\/961","targetHints":{"allow":["GET"]}}],"collection":[{"href":"https:\/\/www.pppaterna.com\/web\/index.php\/wp-json\/wp\/v2\/posts"}],"about":[{"href":"https:\/\/www.pppaterna.com\/web\/index.php\/wp-json\/wp\/v2\/types\/post"}],"author":[{"embeddable":true,"href":"https:\/\/www.pppaterna.com\/web\/index.php\/wp-json\/wp\/v2\/users\/1"}],"replies":[{"embeddable":true,"href":"https:\/\/www.pppaterna.com\/web\/index.php\/wp-json\/wp\/v2\/comments?post=961"}],"version-history":[{"count":1,"href":"https:\/\/www.pppaterna.com\/web\/index.php\/wp-json\/wp\/v2\/posts\/961\/revisions"}],"predecessor-version":[{"id":963,"href":"https:\/\/www.pppaterna.com\/web\/index.php\/wp-json\/wp\/v2\/posts\/961\/revisions\/963"}],"wp:featuredmedia":[{"embeddable":true,"href":"https:\/\/www.pppaterna.com\/web\/index.php\/wp-json\/wp\/v2\/media\/962"}],"wp:attachment":[{"href":"https:\/\/www.pppaterna.com\/web\/index.php\/wp-json\/wp\/v2\/media?parent=961"}],"wp:term":[{"taxonomy":"category","embeddable":true,"href":"https:\/\/www.pppaterna.com\/web\/index.php\/wp-json\/wp\/v2\/categories?post=961"},{"taxonomy":"post_tag","embeddable":true,"href":"https:\/\/www.pppaterna.com\/web\/index.php\/wp-json\/wp\/v2\/tags?post=961"}],"curies":[{"name":"wp","href":"https:\/\/api.w.org\/{rel}","templated":true}]}}